{"id":1075,"date":"2016-04-08T19:12:29","date_gmt":"2016-04-08T17:12:29","guid":{"rendered":"http:\/\/www.schuetzenverein-mariazell.net\/?p=1075"},"modified":"2019-12-16T18:02:31","modified_gmt":"2019-12-16T17:02:31","slug":"oesterreichische-meisterschaft-lg-in-kufstein-2016","status":"publish","type":"post","link":"https:\/\/www.schuetzenverein-mariazell.net\/?p=1075","title":{"rendered":"\u00d6sterreichische Meisterschaft LG in Kufstein 2016"},"content":{"rendered":"<p style=\"text-align: center;\"><span style=\"font-size: 24pt;\">Thomas Glitzner <\/span><\/p>\n<p style=\"text-align: center;\"><span style=\"font-size: 18pt;\">\u00d6sterreichischer Junioren-Mannschaftsmeister 2016<\/span><\/p>\n<p style=\"text-align: center;\">&nbsp;im Bewerb Luftgewehr.<\/p>\n<p style=\"text-align: center;\"><a href=\"https:\/\/www.schuetzenverein-mariazell.net\/wp-content\/uploads\/2016\/04\/11416234_1006183256137272_7101992151086713470_n.jpg\" rel=\"attachment wp-att-1079\"><img loading=\"lazy\" decoding=\"async\" class=\"alignnone  wp-image-1079\" src=\"https:\/\/www.schuetzenverein-mariazell.net\/wp-content\/uploads\/2016\/04\/11416234_1006183256137272_7101992151086713470_n-300x168.jpg\" alt=\"11416234_1006183256137272_7101992151086713470_n\" width=\"314\" height=\"176\" srcset=\"https:\/\/www.schuetzenverein-mariazell.net\/wp-content\/uploads\/2016\/04\/11416234_1006183256137272_7101992151086713470_n-300x168.jpg 300w, https:\/\/www.schuetzenverein-mariazell.net\/wp-content\/uploads\/2016\/04\/11416234_1006183256137272_7101992151086713470_n.jpg 499w\" sizes=\"(max-width: 314px) 100vw, 314px\" \/>&nbsp;<\/a><a href=\"https:\/\/www.schuetzenverein-mariazell.net\/wp-content\/uploads\/2016\/04\/Thomas-Kufstein-20160439.jpg\"><img loading=\"lazy\" decoding=\"async\" class=\"alignnone  wp-image-1101\" src=\"https:\/\/www.schuetzenverein-mariazell.net\/wp-content\/uploads\/2016\/04\/Thomas-Kufstein-20160439-300x200.jpg\" alt=\"Thomas Kufstein 20160439\" width=\"265\" height=\"176\" srcset=\"https:\/\/www.schuetzenverein-mariazell.net\/wp-content\/uploads\/2016\/04\/Thomas-Kufstein-20160439-300x200.jpg 300w, https:\/\/www.schuetzenverein-mariazell.net\/wp-content\/uploads\/2016\/04\/Thomas-Kufstein-20160439-768x512.jpg 768w, https:\/\/www.schuetzenverein-mariazell.net\/wp-content\/uploads\/2016\/04\/Thomas-Kufstein-20160439-1024x683.jpg 1024w, https:\/\/www.schuetzenverein-mariazell.net\/wp-content\/uploads\/2016\/04\/Thomas-Kufstein-20160439.jpg 1732w\" sizes=\"(max-width: 265px) 100vw, 265px\" \/><\/a><\/p>\n<p style=\"text-align: center;\">F\u00fcr die weiteren Teilnehmer der PSG Mariazell verlief die \u00d6sterreichische Meisterschaft in Kufstein ebenfalls sehr gut.<\/p>\n<p style=\"text-align: center;\">Brigitta Hollerer konnte ihr Durchschnittsergebnis auch dort halten und platzierte sich im Mittelfeld.<\/p>\n<p style=\"text-align: center;\">Im Stehend-aufgelegt Bewerb gab es f\u00fcr Edith Konrad ebenfalls einen \u00d6sterreichischen Mannschaftsmeister in der Seniorinnenklasse.<\/p>\n<p style=\"text-align: center;\"><a href=\"https:\/\/www.schuetzenverein-mariazell.net\/wp-content\/uploads\/2016\/04\/\u00d6M-Kufstein-20160236.jpg\" rel=\"attachment wp-att-1076\"><img loading=\"lazy\" decoding=\"async\" class=\"alignnone size-medium wp-image-1076\" src=\"https:\/\/www.schuetzenverein-mariazell.net\/wp-content\/uploads\/2016\/04\/\u00d6M-Kufstein-20160236-300x200.jpg\" alt=\"\u00d6M Kufstein 20160236\" width=\"300\" height=\"200\" srcset=\"https:\/\/www.schuetzenverein-mariazell.net\/wp-content\/uploads\/2016\/04\/\u00d6M-Kufstein-20160236-300x200.jpg 300w, https:\/\/www.schuetzenverein-mariazell.net\/wp-content\/uploads\/2016\/04\/\u00d6M-Kufstein-20160236-768x512.jpg 768w, https:\/\/www.schuetzenverein-mariazell.net\/wp-content\/uploads\/2016\/04\/\u00d6M-Kufstein-20160236-1024x683.jpg 1024w, https:\/\/www.schuetzenverein-mariazell.net\/wp-content\/uploads\/2016\/04\/\u00d6M-Kufstein-20160236.jpg 1732w\" sizes=\"(max-width: 300px) 100vw, 300px\" \/><\/a><\/p>\n<p style=\"text-align: center;\">F\u00fcr Pachler Rudolf gab es Mannschafts-Silber bei den Senioren II und Mannschaftsbronze f\u00fcr Dietl Otto u. Mauerbauer Franz bei den Senioren I.<\/p>\n<p style=\"text-align: center;\"><a href=\"https:\/\/www.schuetzenverein-mariazell.net\/wp-content\/uploads\/2016\/04\/\u00d6M-Kufstein-20160229.jpg\" rel=\"attachment wp-att-1077\"><img loading=\"lazy\" decoding=\"async\" class=\"alignnone size-medium wp-image-1077\" src=\"https:\/\/www.schuetzenverein-mariazell.net\/wp-content\/uploads\/2016\/04\/\u00d6M-Kufstein-20160229-300x200.jpg\" alt=\"\u00d6M Kufstein 20160229\" width=\"300\" height=\"200\" srcset=\"https:\/\/www.schuetzenverein-mariazell.net\/wp-content\/uploads\/2016\/04\/\u00d6M-Kufstein-20160229-300x200.jpg 300w, https:\/\/www.schuetzenverein-mariazell.net\/wp-content\/uploads\/2016\/04\/\u00d6M-Kufstein-20160229-768x512.jpg 768w, https:\/\/www.schuetzenverein-mariazell.net\/wp-content\/uploads\/2016\/04\/\u00d6M-Kufstein-20160229-1024x683.jpg 1024w, https:\/\/www.schuetzenverein-mariazell.net\/wp-content\/uploads\/2016\/04\/\u00d6M-Kufstein-20160229.jpg 1732w\" sizes=\"(max-width: 300px) 100vw, 300px\" \/><\/a><\/p>\n<p style=\"text-align: center;\">In den Einzelwertungen konnten alle ihr Niveau ann\u00e4hernd halten und sich im vorderen Drittel platzieren.<\/p>\n<p style=\"text-align: center;\"><a href=\"https:\/\/www.schuetzenverein-mariazell.net\/wp-content\/uploads\/2016\/04\/\u00d6M-Kufstein-20160251.jpg\" rel=\"attachment wp-att-1078\"><img loading=\"lazy\" decoding=\"async\" class=\"alignnone size-medium wp-image-1078\" src=\"https:\/\/www.schuetzenverein-mariazell.net\/wp-content\/uploads\/2016\/04\/\u00d6M-Kufstein-20160251-300x200.jpg\" alt=\"\u00d6M Kufstein 20160251\" width=\"300\" height=\"200\" srcset=\"https:\/\/www.schuetzenverein-mariazell.net\/wp-content\/uploads\/2016\/04\/\u00d6M-Kufstein-20160251-300x200.jpg 300w, https:\/\/www.schuetzenverein-mariazell.net\/wp-content\/uploads\/2016\/04\/\u00d6M-Kufstein-20160251-768x512.jpg 768w, https:\/\/www.schuetzenverein-mariazell.net\/wp-content\/uploads\/2016\/04\/\u00d6M-Kufstein-20160251-1024x683.jpg 1024w, https:\/\/www.schuetzenverein-mariazell.net\/wp-content\/uploads\/2016\/04\/\u00d6M-Kufstein-20160251.jpg 1732w\" sizes=\"(max-width: 300px) 100vw, 300px\" \/><\/a><\/p>\n<p>&nbsp;<\/p>\n","protected":false},"excerpt":{"rendered":"<p>Thomas Glitzner \u00d6sterreichischer Junioren-Mannschaftsmeister 2016 &nbsp;im Bewerb Luftgewehr. &nbsp; F\u00fcr die weiteren Teilnehmer der PSG Mariazell verlief die \u00d6sterreichische Meisterschaft in Kufstein ebenfalls sehr gut. Brigitta Hollerer konnte ihr Durchschnittsergebnis auch dort halten und platzierte sich im Mittelfeld. Im Stehend-aufgelegt Bewerb gab es f\u00fcr Edith Konrad ebenfalls einen \u00d6sterreichischen Mannschaftsmeister in der Seniorinnenklasse. F\u00fcr Pachler [&hellip;]<\/p>\n","protected":false},"author":1,"featured_media":0,"comment_status":"open","ping_status":"open","sticky":false,"template":"","format":"standard","meta":{"ngg_post_thumbnail":0,"footnotes":""},"categories":[3],"tags":[],"_links":{"self":[{"href":"https:\/\/www.schuetzenverein-mariazell.net\/index.php?rest_route=\/wp\/v2\/posts\/1075"}],"collection":[{"href":"https:\/\/www.schuetzenverein-mariazell.net\/index.php?rest_route=\/wp\/v2\/posts"}],"about":[{"href":"https:\/\/www.schuetzenverein-mariazell.net\/index.php?rest_route=\/wp\/v2\/types\/post"}],"author":[{"embeddable":true,"href":"https:\/\/www.schuetzenverein-mariazell.net\/index.php?rest_route=\/wp\/v2\/users\/1"}],"replies":[{"embeddable":true,"href":"https:\/\/www.schuetzenverein-mariazell.net\/index.php?rest_route=%2Fwp%2Fv2%2Fcomments&post=1075"}],"version-history":[{"count":4,"href":"https:\/\/www.schuetzenverein-mariazell.net\/index.php?rest_route=\/wp\/v2\/posts\/1075\/revisions"}],"predecessor-version":[{"id":1811,"href":"https:\/\/www.schuetzenverein-mariazell.net\/index.php?rest_route=\/wp\/v2\/posts\/1075\/revisions\/1811"}],"wp:attachment":[{"href":"https:\/\/www.schuetzenverein-mariazell.net\/index.php?rest_route=%2Fwp%2Fv2%2Fmedia&parent=1075"}],"wp:term":[{"taxonomy":"category","embeddable":true,"href":"https:\/\/www.schuetzenverein-mariazell.net\/index.php?rest_route=%2Fwp%2Fv2%2Fcategories&post=1075"},{"taxonomy":"post_tag","embeddable":true,"href":"https:\/\/www.schuetzenverein-mariazell.net\/index.php?rest_route=%2Fwp%2Fv2%2Ftags&post=1075"}],"curies":[{"name":"wp","href":"https:\/\/api.w.org\/{rel}","templated":true}]}}