{"id":1592,"date":"2018-07-18T11:38:35","date_gmt":"2018-07-18T09:38:35","guid":{"rendered":"http:\/\/www.schuetzenverein-mariazell.net\/?p=1592"},"modified":"2024-06-13T18:48:44","modified_gmt":"2024-06-13T16:48:44","slug":"1592","status":"publish","type":"post","link":"https:\/\/www.schuetzenverein-mariazell.net\/?p=1592","title":{"rendered":""},"content":{"rendered":"<p style=\"text-align: center;\"><span style=\"font-weight: 400;\">Unser Ehrenmitglied und langj\u00e4hriger Kassier Alfred Gartler ist am 13. Juli 2018 f\u00fcr immer von uns gegangen.<\/span><\/p>\n<p style=\"text-align: center;\"><span style=\"font-weight: 400;\">In seinem Leben stand die Privilegierte Sch\u00fctzengesellschaft immer im Vordergrund.<\/span><\/p>\n<p style=\"text-align: center;\"><span style=\"font-weight: 400;\">Wo immer es etwas zu Erledigen gab, war er an vorderster Stelle dabei.<\/span><\/p>\n<p style=\"text-align: center;\"><span style=\"font-weight: 400;\">Wir werden \u201eFred\u201c auch weiterhin in guter Erinnerung behalten.<\/span><\/p>\n<p style=\"text-align: center;\"><span style=\"font-weight: 400;\">Peter Hollerer<\/span><\/p>\n<p style=\"text-align: center;\"><span style=\"font-weight: 400;\">Obmann<\/span><\/p>\n<p style=\"text-align: center;\"><a href=\"https:\/\/www.schuetzenverein-mariazell.net\/wp-content\/uploads\/2018\/07\/Screenshot_20180718-1131452.png\"><img loading=\"lazy\" decoding=\"async\" class=\"alignnone size-medium wp-image-1593\" src=\"https:\/\/www.schuetzenverein-mariazell.net\/wp-content\/uploads\/2018\/07\/Screenshot_20180718-1131452-216x300.png\" alt=\"\" width=\"216\" height=\"300\" srcset=\"https:\/\/www.schuetzenverein-mariazell.net\/wp-content\/uploads\/2018\/07\/Screenshot_20180718-1131452-216x300.png 216w, https:\/\/www.schuetzenverein-mariazell.net\/wp-content\/uploads\/2018\/07\/Screenshot_20180718-1131452-768x1066.png 768w, https:\/\/www.schuetzenverein-mariazell.net\/wp-content\/uploads\/2018\/07\/Screenshot_20180718-1131452-738x1024.png 738w, https:\/\/www.schuetzenverein-mariazell.net\/wp-content\/uploads\/2018\/07\/Screenshot_20180718-1131452.png 1002w\" sizes=\"(max-width: 216px) 100vw, 216px\" \/><\/a><\/p>\n","protected":false},"excerpt":{"rendered":"<p>Unser Ehrenmitglied und langj\u00e4hriger Kassier Alfred Gartler ist am 13. Juli 2018 f\u00fcr immer von uns gegangen. In seinem Leben stand die Privilegierte Sch\u00fctzengesellschaft immer im Vordergrund. Wo immer es etwas zu Erledigen gab, war er an vorderster Stelle dabei. Wir werden \u201eFred\u201c auch weiterhin in guter Erinnerung behalten. Peter Hollerer Obmann<\/p>\n","protected":false},"author":1,"featured_media":0,"comment_status":"open","ping_status":"open","sticky":false,"template":"","format":"standard","meta":{"ngg_post_thumbnail":0,"footnotes":""},"categories":[7],"tags":[],"_links":{"self":[{"href":"https:\/\/www.schuetzenverein-mariazell.net\/index.php?rest_route=\/wp\/v2\/posts\/1592"}],"collection":[{"href":"https:\/\/www.schuetzenverein-mariazell.net\/index.php?rest_route=\/wp\/v2\/posts"}],"about":[{"href":"https:\/\/www.schuetzenverein-mariazell.net\/index.php?rest_route=\/wp\/v2\/types\/post"}],"author":[{"embeddable":true,"href":"https:\/\/www.schuetzenverein-mariazell.net\/index.php?rest_route=\/wp\/v2\/users\/1"}],"replies":[{"embeddable":true,"href":"https:\/\/www.schuetzenverein-mariazell.net\/index.php?rest_route=%2Fwp%2Fv2%2Fcomments&post=1592"}],"version-history":[{"count":1,"href":"https:\/\/www.schuetzenverein-mariazell.net\/index.php?rest_route=\/wp\/v2\/posts\/1592\/revisions"}],"predecessor-version":[{"id":1596,"href":"https:\/\/www.schuetzenverein-mariazell.net\/index.php?rest_route=\/wp\/v2\/posts\/1592\/revisions\/1596"}],"wp:attachment":[{"href":"https:\/\/www.schuetzenverein-mariazell.net\/index.php?rest_route=%2Fwp%2Fv2%2Fmedia&parent=1592"}],"wp:term":[{"taxonomy":"category","embeddable":true,"href":"https:\/\/www.schuetzenverein-mariazell.net\/index.php?rest_route=%2Fwp%2Fv2%2Fcategories&post=1592"},{"taxonomy":"post_tag","embeddable":true,"href":"https:\/\/www.schuetzenverein-mariazell.net\/index.php?rest_route=%2Fwp%2Fv2%2Ftags&post=1592"}],"curies":[{"name":"wp","href":"https:\/\/api.w.org\/{rel}","templated":true}]}}