{"id":1772,"date":"2019-05-11T13:08:49","date_gmt":"2019-05-11T11:08:49","guid":{"rendered":"http:\/\/www.schuetzenverein-mariazell.net\/?p=1772"},"modified":"2024-06-13T18:47:36","modified_gmt":"2024-06-13T16:47:36","slug":"ehrenmitglied-walter-fluch","status":"publish","type":"post","link":"https:\/\/www.schuetzenverein-mariazell.net\/?p=1772","title":{"rendered":"Ehrenmitglied Walter Fluch"},"content":{"rendered":"\n<figure class=\"wp-block-image\"><img loading=\"lazy\" decoding=\"async\" width=\"1024\" height=\"841\" src=\"https:\/\/www.schuetzenverein-mariazell.net\/wp-content\/uploads\/2019\/05\/Woizi-Ehrenmitglied-1024x841.jpg\" alt=\"\" class=\"wp-image-1773\" srcset=\"https:\/\/www.schuetzenverein-mariazell.net\/wp-content\/uploads\/2019\/05\/Woizi-Ehrenmitglied-1024x841.jpg 1024w, https:\/\/www.schuetzenverein-mariazell.net\/wp-content\/uploads\/2019\/05\/Woizi-Ehrenmitglied-300x246.jpg 300w, https:\/\/www.schuetzenverein-mariazell.net\/wp-content\/uploads\/2019\/05\/Woizi-Ehrenmitglied-768x631.jpg 768w, https:\/\/www.schuetzenverein-mariazell.net\/wp-content\/uploads\/2019\/05\/Woizi-Ehrenmitglied.jpg 1772w\" sizes=\"(max-width: 1024px) 100vw, 1024px\" \/><\/figure>\n\n\n\n<p>Bei der Jahres &#8211;\nHauptversammlung der Privilegierten Sch\u00fctzengesellschaft Mariazell wurde Walter\nFluch anl\u00e4sslich seines 80. Geburtstages auf Grund seiner langj\u00e4hrigen\nMitgliedschaft und seiner Verdienste um den Verein zum Ehrenmitglied ernannt.<\/p>\n\n\n\n<p>Er ist in jungen\nJahren der Sch\u00fctzengesellschaft beigetreten und hat schon mit seinem Vater bei\nden fr\u00fcheren Jagdlichen KK &#8211; Schie\u00dfen als \u201eZieler\u201c mitgeholfen.<\/p>\n\n\n\n<p>In weiterer Folge war\ner als Sportsch\u00fctze aktiv und hat an vielen Meisterschaften des\nSteierm\u00e4rkischen Landessch\u00fctzenbundes teilgenommen.<\/p>\n\n\n\n<p>Wenn`s um diverse\nArbeiten ging, hat Walter immer tatkr\u00e4ftig mitgeholfen und hat sich so die\nEhrenmitgliedschaft redlich verdient.<\/p>\n\n\n\n<p>Die\nSch\u00fctzengesellschaft w\u00fcnscht noch einmal alles Gute, Gesundheit und noch viele\ngemeinsame Stunden mit den Sch\u00fctzenkameraden.<\/p>\n","protected":false},"excerpt":{"rendered":"<p>Bei der Jahres &#8211; Hauptversammlung der Privilegierten Sch\u00fctzengesellschaft Mariazell wurde Walter Fluch anl\u00e4sslich seines 80. Geburtstages auf Grund seiner langj\u00e4hrigen Mitgliedschaft und seiner Verdienste um den Verein zum Ehrenmitglied ernannt. Er ist in jungen Jahren der Sch\u00fctzengesellschaft beigetreten und hat schon mit seinem Vater bei den fr\u00fcheren Jagdlichen KK &#8211; Schie\u00dfen als \u201eZieler\u201c mitgeholfen. In [&hellip;]<\/p>\n","protected":false},"author":1,"featured_media":0,"comment_status":"open","ping_status":"open","sticky":false,"template":"","format":"standard","meta":{"ngg_post_thumbnail":0,"footnotes":""},"categories":[7],"tags":[],"_links":{"self":[{"href":"https:\/\/www.schuetzenverein-mariazell.net\/index.php?rest_route=\/wp\/v2\/posts\/1772"}],"collection":[{"href":"https:\/\/www.schuetzenverein-mariazell.net\/index.php?rest_route=\/wp\/v2\/posts"}],"about":[{"href":"https:\/\/www.schuetzenverein-mariazell.net\/index.php?rest_route=\/wp\/v2\/types\/post"}],"author":[{"embeddable":true,"href":"https:\/\/www.schuetzenverein-mariazell.net\/index.php?rest_route=\/wp\/v2\/users\/1"}],"replies":[{"embeddable":true,"href":"https:\/\/www.schuetzenverein-mariazell.net\/index.php?rest_route=%2Fwp%2Fv2%2Fcomments&post=1772"}],"version-history":[{"count":1,"href":"https:\/\/www.schuetzenverein-mariazell.net\/index.php?rest_route=\/wp\/v2\/posts\/1772\/revisions"}],"predecessor-version":[{"id":1774,"href":"https:\/\/www.schuetzenverein-mariazell.net\/index.php?rest_route=\/wp\/v2\/posts\/1772\/revisions\/1774"}],"wp:attachment":[{"href":"https:\/\/www.schuetzenverein-mariazell.net\/index.php?rest_route=%2Fwp%2Fv2%2Fmedia&parent=1772"}],"wp:term":[{"taxonomy":"category","embeddable":true,"href":"https:\/\/www.schuetzenverein-mariazell.net\/index.php?rest_route=%2Fwp%2Fv2%2Fcategories&post=1772"},{"taxonomy":"post_tag","embeddable":true,"href":"https:\/\/www.schuetzenverein-mariazell.net\/index.php?rest_route=%2Fwp%2Fv2%2Ftags&post=1772"}],"curies":[{"name":"wp","href":"https:\/\/api.w.org\/{rel}","templated":true}]}}